{"id":11207,"date":"2024-08-02T18:03:36","date_gmt":"2024-08-02T21:03:36","guid":{"rendered":"https:\/\/www.violacaipira.com.br\/music\/?p=11207"},"modified":"2024-08-02T18:03:36","modified_gmt":"2024-08-02T21:03:36","slug":"1a-mostra-violas-brasileiras-o-som-do-brasil","status":"publish","type":"post","link":"https:\/\/www.violacaipira.com.br\/music\/noticias\/1a-mostra-violas-brasileiras-o-som-do-brasil\/","title":{"rendered":"1\u00aa Mostra Violas Brasileiras &#8211; O Som do Brasil"},"content":{"rendered":"<p>A\u00a0<strong>1\u00aa Mostra Violas Brasileiras<\/strong>\u00a0surge para celebrar a riqueza cultural e a identidade musical do nosso pa\u00eds.<\/p>\n<p>Com um prop\u00f3sito de unir cora\u00e7\u00f5es e almas atrav\u00e9s dos sons das violas, o projeto busca ampliar seu alcance e promover a arte e cultura das comunidades onde esses instrumentos s\u00e3o constru\u00eddos e tocados.<\/p>\n<p><strong>PROGRAMA\u00c7\u00c3O<\/strong><\/p>\n<p><strong>02\/08 (sexta)<\/strong><\/p>\n<p><strong>17h<\/strong>\u00a0&#8211; Abertura<br \/>\n<strong>17h20 \u00e0s 18h20<\/strong>\u00a0&#8211; Violas Brasileiras Duo com Andr\u00e9 Moraes e C\u00e9sar Peten\u00e1<br \/>\n<strong>18h30 \u00e0s 19h30<\/strong>\u00a0&#8211; Violas Cai\u00e7aras &#8211; Rodolfo Vidal<br \/>\n<strong>19h40 \u00e0s 20h30<\/strong>\u00a0&#8211; Gerson Curi\u00f3, Fabio Miranda e Zeka Perez<\/p>\n<p><strong>03\/08 (s\u00e1bado)<\/strong><\/p>\n<p><strong>15h \u00e0s 15h45<\/strong>\u00a0&#8211; Encontro de Violas &#8211; Cebol\u00e3o e Rio Abaixo com Yuri Garfunkel e Lula Fidalgo com Moreno Over\u00e1<br \/>\n<strong>16h \u00e0s 17h<\/strong>\u00a0&#8211; Violas de Cabe\u00e7a &#8211; Levi Ramiro<br \/>\n<strong>17h15 \u00e0s 18h15<\/strong>\u00a0&#8211; Viola de Cocho com Alcides Ribeiro, Andrei Santos e Jos\u00e9 Rodolfo<br \/>\nParticipa\u00e7\u00e3o especial: Grupo Som das Dez: Marcos Siqueira, Alex Faria e Adriana Pereira<br \/>\n<strong>18h30 \u00e0s 19h30<\/strong>\u00a0&#8211; Viola Brasileira com Katya Teixeira<\/p>\n<p><strong>04\/08 (domingo)<\/strong><\/p>\n<p><strong>14h15 \u00e0s 15h45<\/strong>\u00a0&#8211; Roda de Prosa: &#8220;Violas Brasileiras e sua Cadeia Produtiva&#8221;<br \/>\n<strong>16h \u00e0s 17h<\/strong>\u00a0&#8211; Viola Nordestina com Rainer Miranda<br \/>\nParticipa\u00e7\u00e3o: Poeta Moreira de Acopiara<br \/>\n<strong>17h15 \u00e0s 18h15<\/strong>\u00a0&#8211; Viola 12 cordas com Junior da Violla<br \/>\n<strong>18h30 \u00e0s 19h30<\/strong>\u00a0&#8211; Viola Caipira Novas Linguagens com Bruno Sanches<br \/>\nParticipa\u00e7\u00e3o especial: Ivan Vilela<\/p>\n<p>&nbsp;<\/p>\n<p>Gratuito \u2013 Retirada na bilheteria do CCBB a partir das 13h do dia do evento.<br \/>\nLocal: Rua \u00c1lvares Penteado, 112 \u2013 Centro Hist\u00f3rico \u2013 S\u00e3o Paulo\/SP &#8211; Pr\u00f3ximo ao metr\u00f4 S\u00e3o Bento.<\/p>\n","protected":false},"excerpt":{"rendered":"<p>A\u00a01\u00aa Mostra Violas Brasileiras\u00a0surge para celebrar a riqueza cultural e a identidade musical do nosso pa\u00eds. Com um prop\u00f3sito de unir cora\u00e7\u00f5es e almas atrav\u00e9s dos sons das violas, o projeto busca ampliar seu alcance e promover a arte e cultura das comunidades onde esses instrumentos s\u00e3o constru\u00eddos e tocados. PROGRAMA\u00c7\u00c3O 02\/08 (sexta) 17h\u00a0&#8211; Abertura [&hellip;]<\/p>\n","protected":false},"author":1,"featured_media":11208,"comment_status":"closed","ping_status":"open","sticky":false,"template":"","format":"standard","meta":{"footnotes":""},"categories":[11],"tags":[826,825],"yoast_head":"<!-- This site is optimized with the Yoast SEO plugin v22.0 - https:\/\/yoast.com\/wordpress\/plugins\/seo\/ -->\n<title>1\u00aa Mostra Violas Brasileiras - O Som do Brasil - Viola Caipira<\/title>\n<meta name=\"description\" content=\"Viola Caipira \u00e9 um portal mantido pelo Violeiro Yassir Chediak, destinado aos amantes da m\u00fasica sertaneja de raiz e da cultura brasileira.\" \/>\n<meta name=\"robots\" content=\"index, follow, max-snippet:-1, max-image-preview:large, max-video-preview:-1\" \/>\n<link rel=\"canonical\" href=\"https:\/\/www.violacaipira.com.br\/music\/noticias\/1a-mostra-violas-brasileiras-o-som-do-brasil\/\" \/>\n<meta property=\"og:locale\" content=\"pt_BR\" \/>\n<meta property=\"og:type\" content=\"article\" \/>\n<meta property=\"og:title\" content=\"1\u00aa Mostra Violas Brasileiras - O Som do Brasil - Viola Caipira\" \/>\n<meta property=\"og:description\" content=\"Viola Caipira \u00e9 um portal mantido pelo Violeiro Yassir Chediak, destinado aos amantes da m\u00fasica sertaneja de raiz e da cultura brasileira.\" \/>\n<meta property=\"og:url\" content=\"https:\/\/www.violacaipira.com.br\/music\/noticias\/1a-mostra-violas-brasileiras-o-som-do-brasil\/\" \/>\n<meta property=\"og:site_name\" content=\"Viola Caipira\" \/>\n<meta property=\"article:publisher\" content=\"https:\/\/www.facebook.com\/yassir.chediak\" \/>\n<meta property=\"article:published_time\" content=\"2024-08-02T21:03:36+00:00\" \/>\n<meta property=\"og:image\" content=\"https:\/\/www.violacaipira.com.br\/music\/wp-content\/uploads\/2024\/08\/Violas-site.png\" \/>\n\t<meta property=\"og:image:width\" content=\"576\" \/>\n\t<meta property=\"og:image:height\" content=\"324\" \/>\n\t<meta property=\"og:image:type\" content=\"image\/png\" \/>\n<meta name=\"author\" content=\"admin\" \/>\n<meta name=\"twitter:card\" content=\"summary_large_image\" \/>\n<meta name=\"twitter:creator\" content=\"@YassirChediak\" \/>\n<meta name=\"twitter:site\" content=\"@YassirChediak\" \/>\n<meta name=\"twitter:label1\" content=\"Escrito por\" \/>\n\t<meta name=\"twitter:data1\" content=\"admin\" \/>\n\t<meta name=\"twitter:label2\" content=\"Est. tempo de leitura\" \/>\n\t<meta name=\"twitter:data2\" content=\"1 minuto\" \/>\n<script type=\"application\/ld+json\" class=\"yoast-schema-graph\">{\"@context\":\"https:\/\/schema.org\",\"@graph\":[{\"@type\":\"Article\",\"@id\":\"https:\/\/www.violacaipira.com.br\/music\/noticias\/1a-mostra-violas-brasileiras-o-som-do-brasil\/#article\",\"isPartOf\":{\"@id\":\"https:\/\/www.violacaipira.com.br\/music\/noticias\/1a-mostra-violas-brasileiras-o-som-do-brasil\/\"},\"author\":{\"name\":\"admin\",\"@id\":\"https:\/\/www.violacaipira.com.br\/music\/#\/schema\/person\/126b11cf4ccdb552178b9939e80bbde1\"},\"headline\":\"1\u00aa Mostra Violas Brasileiras &#8211; O Som do Brasil\",\"datePublished\":\"2024-08-02T21:03:36+00:00\",\"dateModified\":\"2024-08-02T21:03:36+00:00\",\"mainEntityOfPage\":{\"@id\":\"https:\/\/www.violacaipira.com.br\/music\/noticias\/1a-mostra-violas-brasileiras-o-som-do-brasil\/\"},\"wordCount\":268,\"publisher\":{\"@id\":\"https:\/\/www.violacaipira.com.br\/music\/#organization\"},\"keywords\":[\"CCBB\",\"Violas\"],\"articleSection\":[\"Not\u00edcias\"],\"inLanguage\":\"pt-BR\"},{\"@type\":\"WebPage\",\"@id\":\"https:\/\/www.violacaipira.com.br\/music\/noticias\/1a-mostra-violas-brasileiras-o-som-do-brasil\/\",\"url\":\"https:\/\/www.violacaipira.com.br\/music\/noticias\/1a-mostra-violas-brasileiras-o-som-do-brasil\/\",\"name\":\"1\u00aa Mostra Violas Brasileiras - O Som do Brasil - Viola Caipira\",\"isPartOf\":{\"@id\":\"https:\/\/www.violacaipira.com.br\/music\/#website\"},\"datePublished\":\"2024-08-02T21:03:36+00:00\",\"dateModified\":\"2024-08-02T21:03:36+00:00\",\"description\":\"Viola Caipira \u00e9 um portal mantido pelo Violeiro Yassir Chediak, destinado aos amantes da m\u00fasica sertaneja de raiz e da cultura brasileira.\",\"breadcrumb\":{\"@id\":\"https:\/\/www.violacaipira.com.br\/music\/noticias\/1a-mostra-violas-brasileiras-o-som-do-brasil\/#breadcrumb\"},\"inLanguage\":\"pt-BR\",\"potentialAction\":[{\"@type\":\"ReadAction\",\"target\":[\"https:\/\/www.violacaipira.com.br\/music\/noticias\/1a-mostra-violas-brasileiras-o-som-do-brasil\/\"]}]},{\"@type\":\"BreadcrumbList\",\"@id\":\"https:\/\/www.violacaipira.com.br\/music\/noticias\/1a-mostra-violas-brasileiras-o-som-do-brasil\/#breadcrumb\",\"itemListElement\":[{\"@type\":\"ListItem\",\"position\":1,\"name\":\"In\u00edcio\",\"item\":\"https:\/\/www.violacaipira.com.br\/music\/\"},{\"@type\":\"ListItem\",\"position\":2,\"name\":\"1\u00aa Mostra Violas Brasileiras &#8211; O Som do Brasil\"}]},{\"@type\":\"WebSite\",\"@id\":\"https:\/\/www.violacaipira.com.br\/music\/#website\",\"url\":\"https:\/\/www.violacaipira.com.br\/music\/\",\"name\":\"Viola Caipira\",\"description\":\"o Portal da M&uacute;sica Sertaneja Raiz\",\"publisher\":{\"@id\":\"https:\/\/www.violacaipira.com.br\/music\/#organization\"},\"potentialAction\":[{\"@type\":\"SearchAction\",\"target\":{\"@type\":\"EntryPoint\",\"urlTemplate\":\"https:\/\/www.violacaipira.com.br\/music\/?s={search_term_string}\"},\"query-input\":\"required name=search_term_string\"}],\"inLanguage\":\"pt-BR\"},{\"@type\":\"Organization\",\"@id\":\"https:\/\/www.violacaipira.com.br\/music\/#organization\",\"name\":\"Viola Caipira\",\"url\":\"https:\/\/www.violacaipira.com.br\/music\/\",\"logo\":{\"@type\":\"ImageObject\",\"inLanguage\":\"pt-BR\",\"@id\":\"https:\/\/www.violacaipira.com.br\/music\/#\/schema\/logo\/image\/\",\"url\":\"https:\/\/www.violacaipira.com.br\/music\/wp-content\/uploads\/2020\/05\/logo_site_pequeno.png\",\"contentUrl\":\"https:\/\/www.violacaipira.com.br\/music\/wp-content\/uploads\/2020\/05\/logo_site_pequeno.png\",\"width\":200,\"height\":50,\"caption\":\"Viola Caipira\"},\"image\":{\"@id\":\"https:\/\/www.violacaipira.com.br\/music\/#\/schema\/logo\/image\/\"},\"sameAs\":[\"https:\/\/www.facebook.com\/yassir.chediak\",\"https:\/\/twitter.com\/YassirChediak\",\"https:\/\/www.instagram.com\/yassirchediak\/\",\"https:\/\/www.linkedin.com\/in\/yassir-chediak\/\",\"https:\/\/br.pinterest.com\/yassrg\/\",\"https:\/\/www.youtube.com\/user\/yassirchediak\"]},{\"@type\":\"Person\",\"@id\":\"https:\/\/www.violacaipira.com.br\/music\/#\/schema\/person\/126b11cf4ccdb552178b9939e80bbde1\",\"name\":\"admin\",\"sameAs\":[\"https:\/\/www.geldesign.com.br\"]}]}<\/script>\n<!-- \/ Yoast SEO plugin. -->","yoast_head_json":{"title":"1\u00aa Mostra Violas Brasileiras - O Som do Brasil - Viola Caipira","description":"Viola Caipira \u00e9 um portal mantido pelo Violeiro Yassir Chediak, destinado aos amantes da m\u00fasica sertaneja de raiz e da cultura brasileira.","robots":{"index":"index","follow":"follow","max-snippet":"max-snippet:-1","max-image-preview":"max-image-preview:large","max-video-preview":"max-video-preview:-1"},"canonical":"https:\/\/www.violacaipira.com.br\/music\/noticias\/1a-mostra-violas-brasileiras-o-som-do-brasil\/","og_locale":"pt_BR","og_type":"article","og_title":"1\u00aa Mostra Violas Brasileiras - O Som do Brasil - Viola Caipira","og_description":"Viola Caipira \u00e9 um portal mantido pelo Violeiro Yassir Chediak, destinado aos amantes da m\u00fasica sertaneja de raiz e da cultura brasileira.","og_url":"https:\/\/www.violacaipira.com.br\/music\/noticias\/1a-mostra-violas-brasileiras-o-som-do-brasil\/","og_site_name":"Viola Caipira","article_publisher":"https:\/\/www.facebook.com\/yassir.chediak","article_published_time":"2024-08-02T21:03:36+00:00","og_image":[{"width":576,"height":324,"url":"https:\/\/www.violacaipira.com.br\/music\/wp-content\/uploads\/2024\/08\/Violas-site.png","type":"image\/png"}],"author":"admin","twitter_card":"summary_large_image","twitter_creator":"@YassirChediak","twitter_site":"@YassirChediak","twitter_misc":{"Escrito por":"admin","Est. tempo de leitura":"1 minuto"},"schema":{"@context":"https:\/\/schema.org","@graph":[{"@type":"Article","@id":"https:\/\/www.violacaipira.com.br\/music\/noticias\/1a-mostra-violas-brasileiras-o-som-do-brasil\/#article","isPartOf":{"@id":"https:\/\/www.violacaipira.com.br\/music\/noticias\/1a-mostra-violas-brasileiras-o-som-do-brasil\/"},"author":{"name":"admin","@id":"https:\/\/www.violacaipira.com.br\/music\/#\/schema\/person\/126b11cf4ccdb552178b9939e80bbde1"},"headline":"1\u00aa Mostra Violas Brasileiras &#8211; O Som do Brasil","datePublished":"2024-08-02T21:03:36+00:00","dateModified":"2024-08-02T21:03:36+00:00","mainEntityOfPage":{"@id":"https:\/\/www.violacaipira.com.br\/music\/noticias\/1a-mostra-violas-brasileiras-o-som-do-brasil\/"},"wordCount":268,"publisher":{"@id":"https:\/\/www.violacaipira.com.br\/music\/#organization"},"keywords":["CCBB","Violas"],"articleSection":["Not\u00edcias"],"inLanguage":"pt-BR"},{"@type":"WebPage","@id":"https:\/\/www.violacaipira.com.br\/music\/noticias\/1a-mostra-violas-brasileiras-o-som-do-brasil\/","url":"https:\/\/www.violacaipira.com.br\/music\/noticias\/1a-mostra-violas-brasileiras-o-som-do-brasil\/","name":"1\u00aa Mostra Violas Brasileiras - O Som do Brasil - Viola Caipira","isPartOf":{"@id":"https:\/\/www.violacaipira.com.br\/music\/#website"},"datePublished":"2024-08-02T21:03:36+00:00","dateModified":"2024-08-02T21:03:36+00:00","description":"Viola Caipira \u00e9 um portal mantido pelo Violeiro Yassir Chediak, destinado aos amantes da m\u00fasica sertaneja de raiz e da cultura brasileira.","breadcrumb":{"@id":"https:\/\/www.violacaipira.com.br\/music\/noticias\/1a-mostra-violas-brasileiras-o-som-do-brasil\/#breadcrumb"},"inLanguage":"pt-BR","potentialAction":[{"@type":"ReadAction","target":["https:\/\/www.violacaipira.com.br\/music\/noticias\/1a-mostra-violas-brasileiras-o-som-do-brasil\/"]}]},{"@type":"BreadcrumbList","@id":"https:\/\/www.violacaipira.com.br\/music\/noticias\/1a-mostra-violas-brasileiras-o-som-do-brasil\/#breadcrumb","itemListElement":[{"@type":"ListItem","position":1,"name":"In\u00edcio","item":"https:\/\/www.violacaipira.com.br\/music\/"},{"@type":"ListItem","position":2,"name":"1\u00aa Mostra Violas Brasileiras &#8211; O Som do Brasil"}]},{"@type":"WebSite","@id":"https:\/\/www.violacaipira.com.br\/music\/#website","url":"https:\/\/www.violacaipira.com.br\/music\/","name":"Viola Caipira","description":"o Portal da M&uacute;sica Sertaneja Raiz","publisher":{"@id":"https:\/\/www.violacaipira.com.br\/music\/#organization"},"potentialAction":[{"@type":"SearchAction","target":{"@type":"EntryPoint","urlTemplate":"https:\/\/www.violacaipira.com.br\/music\/?s={search_term_string}"},"query-input":"required name=search_term_string"}],"inLanguage":"pt-BR"},{"@type":"Organization","@id":"https:\/\/www.violacaipira.com.br\/music\/#organization","name":"Viola Caipira","url":"https:\/\/www.violacaipira.com.br\/music\/","logo":{"@type":"ImageObject","inLanguage":"pt-BR","@id":"https:\/\/www.violacaipira.com.br\/music\/#\/schema\/logo\/image\/","url":"https:\/\/www.violacaipira.com.br\/music\/wp-content\/uploads\/2020\/05\/logo_site_pequeno.png","contentUrl":"https:\/\/www.violacaipira.com.br\/music\/wp-content\/uploads\/2020\/05\/logo_site_pequeno.png","width":200,"height":50,"caption":"Viola Caipira"},"image":{"@id":"https:\/\/www.violacaipira.com.br\/music\/#\/schema\/logo\/image\/"},"sameAs":["https:\/\/www.facebook.com\/yassir.chediak","https:\/\/twitter.com\/YassirChediak","https:\/\/www.instagram.com\/yassirchediak\/","https:\/\/www.linkedin.com\/in\/yassir-chediak\/","https:\/\/br.pinterest.com\/yassrg\/","https:\/\/www.youtube.com\/user\/yassirchediak"]},{"@type":"Person","@id":"https:\/\/www.violacaipira.com.br\/music\/#\/schema\/person\/126b11cf4ccdb552178b9939e80bbde1","name":"admin","sameAs":["https:\/\/www.geldesign.com.br"]}]}},"_links":{"self":[{"href":"https:\/\/www.violacaipira.com.br\/music\/wp-json\/wp\/v2\/posts\/11207"}],"collection":[{"href":"https:\/\/www.violacaipira.com.br\/music\/wp-json\/wp\/v2\/posts"}],"about":[{"href":"https:\/\/www.violacaipira.com.br\/music\/wp-json\/wp\/v2\/types\/post"}],"author":[{"embeddable":true,"href":"https:\/\/www.violacaipira.com.br\/music\/wp-json\/wp\/v2\/users\/1"}],"replies":[{"embeddable":true,"href":"https:\/\/www.violacaipira.com.br\/music\/wp-json\/wp\/v2\/comments?post=11207"}],"version-history":[{"count":1,"href":"https:\/\/www.violacaipira.com.br\/music\/wp-json\/wp\/v2\/posts\/11207\/revisions"}],"predecessor-version":[{"id":11209,"href":"https:\/\/www.violacaipira.com.br\/music\/wp-json\/wp\/v2\/posts\/11207\/revisions\/11209"}],"wp:featuredmedia":[{"embeddable":true,"href":"https:\/\/www.violacaipira.com.br\/music\/wp-json\/wp\/v2\/media\/11208"}],"wp:attachment":[{"href":"https:\/\/www.violacaipira.com.br\/music\/wp-json\/wp\/v2\/media?parent=11207"}],"wp:term":[{"taxonomy":"category","embeddable":true,"href":"https:\/\/www.violacaipira.com.br\/music\/wp-json\/wp\/v2\/categories?post=11207"},{"taxonomy":"post_tag","embeddable":true,"href":"https:\/\/www.violacaipira.com.br\/music\/wp-json\/wp\/v2\/tags?post=11207"}],"curies":[{"name":"wp","href":"https:\/\/api.w.org\/{rel}","templated":true}]}}