{"id":11181,"date":"2024-02-19T18:00:26","date_gmt":"2024-02-19T21:00:26","guid":{"rendered":"https:\/\/www.violacaipira.com.br\/music\/?p=11181"},"modified":"2024-02-19T18:00:26","modified_gmt":"2024-02-19T21:00:26","slug":"festival-de-curitiba-traz-pela-primeira-vez-ao-sul-do-brasil-caprichoso-e-garantido-o-duelo-de-bois-da-amazonia","status":"publish","type":"post","link":"https:\/\/www.violacaipira.com.br\/music\/cultura\/festival-de-curitiba-traz-pela-primeira-vez-ao-sul-do-brasil-caprichoso-e-garantido-o-duelo-de-bois-da-amazonia\/","title":{"rendered":"Festival de Curitiba traz, pela primeira vez ao Sul do Brasil, Caprichoso e Garantido, o duelo de bois da Amaz\u00f4nia"},"content":{"rendered":"<p>Um dos maiores e mais importantes festivais de artes c\u00eanicas do Brasil, o\u00a0<strong>Festival de Curitiba<\/strong>\u00a0anunciou sua programa\u00e7\u00e3o oficial para a 32\u00aa edi\u00e7\u00e3o, que ocorre de\u00a0<strong>25 de mar\u00e7o a 7 de abril<\/strong>. Na manh\u00e3 desta segunda-feira, o evento anunciou a sua\u00a0<u>atra\u00e7\u00e3o de abertura<\/u>: \u201c<strong>Caprichoso e Garantido: O Duelo da Amaz\u00f4nia<\/strong>\u201d, que traz pela primeira vez ao Sul do Brasil um dos principais patrim\u00f4nios culturais do pa\u00eds, por meio de um convite para que o p\u00fablico \u201cmergulhe\u201d na for\u00e7a da cultura popular da floresta, com suas lendas, celebra\u00e7\u00f5es, rituais ind\u00edgenas e os costumes do universo caboclo ribeirinho traduzidos em arte, toada e Boi Bumb\u00e1.<\/p>\n<p>Al\u00e9m da apresenta\u00e7\u00e3o na abertura oficial da 32\u00aa edi\u00e7\u00e3o, o p\u00fablico poder\u00e1 conferir a atra\u00e7\u00e3o em duas sess\u00f5es na\u00a0<strong>Mostra Temporada de Musicais<\/strong>, nos dias\u00a0<strong>26 e 27 de mar\u00e7o<\/strong>, \u00e0s\u00a0<strong>20h30<\/strong>, no\u00a0<strong>Teatro Positivo<\/strong>. Os ingressos j\u00e1 est\u00e3o dispon\u00edveis por meio do site\u00a0<a href=\"https:\/\/click.cse360.com.br\/Click\/AddCampaignEmailClick\/0e1e1d98-4015-457b-536f-08dc26ecd46f\/http%253a%252f%252fwww.festivaldecuritiba.com.br%252f\/b79341a1-9d12-4836-983e-cea67b345a9a\/geldesign@gmail.com\/True\" target=\"_blank\" rel=\"noopener noreferrer\" data-saferedirecturl=\"https:\/\/www.google.com\/url?q=https:\/\/click.cse360.com.br\/Click\/AddCampaignEmailClick\/0e1e1d98-4015-457b-536f-08dc26ecd46f\/http%25253a%25252f%25252fwww.festivaldecuritiba.com.br%25252f\/b79341a1-9d12-4836-983e-cea67b345a9a\/geldesign@gmail.com\/True&amp;source=gmail&amp;ust=1708462563631000&amp;usg=AOvVaw3DtDYAW_ZP_DPpDjRTgabi\">www.festivaldecuritiba.<wbr \/>com.br<\/a>, ou na bilheteria f\u00edsica oficial localizada no ParkShoppingBarig\u00fci (piso t\u00e9rreo).<\/p>\n<p>Com mais de 110 anos de hist\u00f3ria, os bois\u00a0<strong>Garantido e Caprichoso<\/strong>\u00a0s\u00e3o parte fundamental da cultura amazonense, no Festival de Parintins, um evento cultural apote\u00f3tico e que re\u00fane milhares de pessoas em uma celebra\u00e7\u00e3o festiva. No centro do festival, realizado anualmente, est\u00e3o os bois com cada\u00a0uma das agremia\u00e7\u00f5es representadas por suas cores &#8211; azul e vermelho -,\u00a0protagonistas de uma rivalidade que se transforma em um espet\u00e1culo de amor pela cultura popular e, principalmente, pela regi\u00e3o amaz\u00f4nica, formando juntos o maior festival a c\u00e9u aberto do mundo.<\/p>\n<p>O p\u00fablico do\u00a0<strong>Festival de Curitiba<\/strong>\u00a0poder\u00e1 conferir uma amostra do que \u00e9 exposto na arena do Bumb\u00f3dromo, nos tr\u00eas dias do Festival Folcl\u00f3rico de Parintins, que acontecem sempre no \u00faltimo final de semana do m\u00eas de junho.\u00a0As duas agremia\u00e7\u00f5es dos bois, seus itens oficiais e bailarinos far\u00e3o evolu\u00e7\u00f5es com as toadas que s\u00e3o a trilha sonora desta maravilha da cultura e da arte raiz brasileira.<\/p>\n<p>\u201c<em>Estamos felizes em poder trazer pela primeira vez ao Sul do Brasil este espet\u00e1culo \u00fanico, uma celebra\u00e7\u00e3o da cultura e da tradi\u00e7\u00e3o da floresta. \u00c9 uma atra\u00e7\u00e3o que encanta e emociona, que certamente deixar\u00e1 uma marca inextingu\u00edvel na hist\u00f3ria do Festival de Curitiba e, tamb\u00e9m, da cidade, do Paran\u00e1 e do Sul do pa\u00eds<\/em>\u201d, comentam Leandro Knopfholz e Fab\u00edula Passini, diretores do\u00a0<strong>Festival de Curitiba<\/strong>.<\/p>\n<p><strong>A lenda do boi-bumb\u00e1<\/strong>\u00a0&#8211; A hist\u00f3ria \u00e9 narrada todos os anos sempre de modo diferente. Na lenda que deu origem, a M\u00e3e Catirina, que estava gr\u00e1vida, sente o desejo de comer l\u00edngua de boi, especificamente, do animal preferido do \u201camo\u201d, o rico fazendeiro para quem seu marido, Pai Francisco, trabalhava. Para agradar sua esposa, Francisco mata o animal. Ao descobrir, ap\u00f3s chamar um m\u00e9dico para certificar a morte do boi, o patr\u00e3o manda capturar o seu servi\u00e7al. Para trazer a vida de volta ao animal, o \u201camo\u201d chama um padre, que atualmente \u00e9 representado pelo Paj\u00e9 que, com seus rituais, consegue ressuscitar o animal, motivo de comemora\u00e7\u00e3o com uma grande festa que tamb\u00e9m marca o perd\u00e3o de Pai Francisco e de M\u00e3e Catirina.<\/p>\n<p>A\u00a0<strong>Mostra Temporada de Musicais<\/strong>\u00a0\u00e9 apresentada pelo Instituto Joel Malucelli e pela Universidade Positivo.\u00a0J\u00e1 a\u00a0<strong>Mostra Lucia Camargo<\/strong>\u00a0\u00e9 apresentada por\u00a0<strong>Banco do Brasil<\/strong>,\u00a0<strong>Sanepar\u00a0<\/strong>e\u00a0<strong>Tradener\u00a0<\/strong>&#8211;<strong>\u00a0<wbr \/>Comercializa\u00e7\u00e3o de Energia<\/strong>, com patroc\u00ednio de\u00a0<strong>EBANX, Banco CNH Industrial<\/strong>\u00a0e\u00a0<strong>New Holland<\/strong>,\u00a0<strong>ClearCorrect, Copel &#8211; Pura Energia,<\/strong>\u00a0<strong>Brose<\/strong>,\u00a0\u00a0<strong>UNINTER\u00a0<\/strong>e\u00a0<strong>GRA<wbr \/>SP<\/strong>.\u00a0Acompanhe todas as novidades e informa\u00e7\u00f5es pelo site do\u00a0<strong>Festival de Curitiba<\/strong>\u00a0<a href=\"https:\/\/click.cse360.com.br\/Click\/AddCampaignEmailClick\/0e1e1d98-4015-457b-536f-08dc26ecd46f\/http%253a%252f%252fwww.festivaldecuritiba.com.br%252f\/b79341a1-9d12-4836-983e-cea67b345a9a\/geldesign@gmail.com\/True\" target=\"_blank\" rel=\"noopener noreferrer\" data-saferedirecturl=\"https:\/\/www.google.com\/url?q=https:\/\/click.cse360.com.br\/Click\/AddCampaignEmailClick\/0e1e1d98-4015-457b-536f-08dc26ecd46f\/http%25253a%25252f%25252fwww.festivaldecuritiba.com.br%25252f\/b79341a1-9d12-4836-983e-cea67b345a9a\/geldesign@gmail.com\/True&amp;source=gmail&amp;ust=1708462563631000&amp;usg=AOvVaw3DtDYAW_ZP_DPpDjRTgabi\">www.<wbr \/>festivaldecuritiba.com.br<\/a>, pelas redes sociais dispon\u00edveis no\u00a0<a href=\"https:\/\/click.cse360.com.br\/Click\/AddCampaignEmailClick\/0e1e1d98-4015-457b-536f-08dc26ecd46f\/https%253a%252f%252fwww.facebook.com%252ffest.curitiba\/b79341a1-9d12-4836-983e-cea67b345a9a\/geldesign@gmail.com\/True\" target=\"_blank\" rel=\"noopener noreferrer\" data-saferedirecturl=\"https:\/\/www.google.com\/url?q=https:\/\/click.cse360.com.br\/Click\/AddCampaignEmailClick\/0e1e1d98-4015-457b-536f-08dc26ecd46f\/https%25253a%25252f%25252fwww.facebook.com%25252ffest.curitiba\/b79341a1-9d12-4836-983e-cea67b345a9a\/geldesign@gmail.com\/True&amp;source=gmail&amp;ust=1708462563631000&amp;usg=AOvVaw3VB7COsm3BhhpHJ5lyCdZM\">Facebook @fest.curitiba<\/a>, pelo<a href=\"https:\/\/click.cse360.com.br\/Click\/AddCampaignEmailClick\/0e1e1d98-4015-457b-536f-08dc26ecd46f\/https%253a%252f%252fwww.instagram.com%252ffestivaldecuritiba%252f\/b79341a1-9d12-4836-983e-cea67b345a9a\/geldesign@gmail.com\/True\" target=\"_blank\" rel=\"noopener noreferrer\" data-saferedirecturl=\"https:\/\/www.google.com\/url?q=https:\/\/click.cse360.com.br\/Click\/AddCampaignEmailClick\/0e1e1d98-4015-457b-536f-08dc26ecd46f\/https%25253a%25252f%25252fwww.instagram.com%25252ffestivaldecuritiba%25252f\/b79341a1-9d12-4836-983e-cea67b345a9a\/geldesign@gmail.com\/True&amp;source=gmail&amp;ust=1708462563631000&amp;usg=AOvVaw1Kxouepex3XwSJJfPkMsuO\">\u00a0Instagram @festivaldecuritiba<\/a>\u00a0e pelo\u00a0<a href=\"https:\/\/click.cse360.com.br\/Click\/AddCampaignEmailClick\/0e1e1d98-4015-457b-536f-08dc26ecd46f\/https%253a%252f%252ftwitter.com%252fFest_Curitiba\/b79341a1-9d12-4836-983e-cea67b345a9a\/geldesign@gmail.com\/True\" target=\"_blank\" rel=\"noopener noreferrer\" data-saferedirecturl=\"https:\/\/www.google.com\/url?q=https:\/\/click.cse360.com.br\/Click\/AddCampaignEmailClick\/0e1e1d98-4015-457b-536f-08dc26ecd46f\/https%25253a%25252f%25252ftwitter.com%25252fFest_Curitiba\/b79341a1-9d12-4836-983e-cea67b345a9a\/geldesign@gmail.com\/True&amp;source=gmail&amp;ust=1708462563631000&amp;usg=AOvVaw3KxXvRQsM42kikSuo3GKFi\">Twitter @Fest_curitiba<\/a>.<\/p>\n","protected":false},"excerpt":{"rendered":"<p>Um dos maiores e mais importantes festivais de artes c\u00eanicas do Brasil, o\u00a0Festival de Curitiba\u00a0anunciou sua programa\u00e7\u00e3o oficial para a 32\u00aa edi\u00e7\u00e3o, que ocorre de\u00a025 de mar\u00e7o a 7 de abril. Na manh\u00e3 desta segunda-feira, o evento anunciou a sua\u00a0atra\u00e7\u00e3o de abertura: \u201cCaprichoso e Garantido: O Duelo da Amaz\u00f4nia\u201d, que traz pela primeira vez ao [&hellip;]<\/p>\n","protected":false},"author":7,"featured_media":11182,"comment_status":"closed","ping_status":"open","sticky":false,"template":"","format":"standard","meta":{"footnotes":""},"categories":[6],"tags":[817,560,819,818,249,820,816],"yoast_head":"<!-- This site is optimized with the Yoast SEO plugin v22.0 - https:\/\/yoast.com\/wordpress\/plugins\/seo\/ -->\n<title>Festival de Curitiba traz, pela primeira vez ao Sul do Brasil, Caprichoso e Garantido, o duelo de bois da Amaz\u00f4nia - Viola Caipira<\/title>\n<meta name=\"description\" content=\"Um dos maiores patrim\u00f4nios culturais do Brasil far\u00e1 a abertura da 32\u00aa edi\u00e7\u00e3o do Festival de Curitiba, trazendo o desafio de toadas dos bumb\u00e1s de Parintins, no Amazonas\" \/>\n<meta name=\"robots\" content=\"index, follow, max-snippet:-1, max-image-preview:large, max-video-preview:-1\" \/>\n<link rel=\"canonical\" href=\"https:\/\/www.violacaipira.com.br\/music\/cultura\/festival-de-curitiba-traz-pela-primeira-vez-ao-sul-do-brasil-caprichoso-e-garantido-o-duelo-de-bois-da-amazonia\/\" \/>\n<meta property=\"og:locale\" content=\"pt_BR\" \/>\n<meta property=\"og:type\" content=\"article\" \/>\n<meta property=\"og:title\" content=\"Festival de Curitiba traz, pela primeira vez ao Sul do Brasil, Caprichoso e Garantido, o duelo de bois da Amaz\u00f4nia - Viola Caipira\" \/>\n<meta property=\"og:description\" content=\"Um dos maiores patrim\u00f4nios culturais do Brasil far\u00e1 a abertura da 32\u00aa edi\u00e7\u00e3o do Festival de Curitiba, trazendo o desafio de toadas dos bumb\u00e1s de Parintins, no Amazonas\" \/>\n<meta property=\"og:url\" content=\"https:\/\/www.violacaipira.com.br\/music\/cultura\/festival-de-curitiba-traz-pela-primeira-vez-ao-sul-do-brasil-caprichoso-e-garantido-o-duelo-de-bois-da-amazonia\/\" \/>\n<meta property=\"og:site_name\" content=\"Viola Caipira\" \/>\n<meta property=\"article:publisher\" content=\"https:\/\/www.facebook.com\/yassir.chediak\" \/>\n<meta property=\"article:published_time\" content=\"2024-02-19T21:00:26+00:00\" \/>\n<meta property=\"og:image\" content=\"https:\/\/www.violacaipira.com.br\/music\/wp-content\/uploads\/2024\/02\/bois.jpg\" \/>\n\t<meta property=\"og:image:width\" content=\"2480\" \/>\n\t<meta property=\"og:image:height\" content=\"1655\" \/>\n\t<meta property=\"og:image:type\" content=\"image\/jpeg\" \/>\n<meta name=\"author\" content=\"Gerson\" \/>\n<meta name=\"twitter:card\" content=\"summary_large_image\" \/>\n<meta name=\"twitter:creator\" content=\"@YassirChediak\" \/>\n<meta name=\"twitter:site\" content=\"@YassirChediak\" \/>\n<meta name=\"twitter:label1\" content=\"Escrito por\" \/>\n\t<meta name=\"twitter:data1\" content=\"Gerson\" \/>\n\t<meta name=\"twitter:label2\" content=\"Est. tempo de leitura\" \/>\n\t<meta name=\"twitter:data2\" content=\"3 minutos\" \/>\n<script type=\"application\/ld+json\" class=\"yoast-schema-graph\">{\"@context\":\"https:\/\/schema.org\",\"@graph\":[{\"@type\":\"Article\",\"@id\":\"https:\/\/www.violacaipira.com.br\/music\/cultura\/festival-de-curitiba-traz-pela-primeira-vez-ao-sul-do-brasil-caprichoso-e-garantido-o-duelo-de-bois-da-amazonia\/#article\",\"isPartOf\":{\"@id\":\"https:\/\/www.violacaipira.com.br\/music\/cultura\/festival-de-curitiba-traz-pela-primeira-vez-ao-sul-do-brasil-caprichoso-e-garantido-o-duelo-de-bois-da-amazonia\/\"},\"author\":{\"name\":\"Gerson\",\"@id\":\"https:\/\/www.violacaipira.com.br\/music\/#\/schema\/person\/720a153ae2058a90d99748c1c1743524\"},\"headline\":\"Festival de Curitiba traz, pela primeira vez ao Sul do Brasil, Caprichoso e Garantido, o duelo de bois da Amaz\u00f4nia\",\"datePublished\":\"2024-02-19T21:00:26+00:00\",\"dateModified\":\"2024-02-19T21:00:26+00:00\",\"mainEntityOfPage\":{\"@id\":\"https:\/\/www.violacaipira.com.br\/music\/cultura\/festival-de-curitiba-traz-pela-primeira-vez-ao-sul-do-brasil-caprichoso-e-garantido-o-duelo-de-bois-da-amazonia\/\"},\"wordCount\":670,\"publisher\":{\"@id\":\"https:\/\/www.violacaipira.com.br\/music\/#organization\"},\"keywords\":[\"boi bumb\u00e1\",\"bumba meu boi\",\"caprichoso\",\"festival de curitiva\",\"folclore\",\"garantido\",\"parintins\"],\"articleSection\":[\"Cultura\"],\"inLanguage\":\"pt-BR\"},{\"@type\":\"WebPage\",\"@id\":\"https:\/\/www.violacaipira.com.br\/music\/cultura\/festival-de-curitiba-traz-pela-primeira-vez-ao-sul-do-brasil-caprichoso-e-garantido-o-duelo-de-bois-da-amazonia\/\",\"url\":\"https:\/\/www.violacaipira.com.br\/music\/cultura\/festival-de-curitiba-traz-pela-primeira-vez-ao-sul-do-brasil-caprichoso-e-garantido-o-duelo-de-bois-da-amazonia\/\",\"name\":\"Festival de Curitiba traz, pela primeira vez ao Sul do Brasil, Caprichoso e Garantido, o duelo de bois da Amaz\u00f4nia - Viola Caipira\",\"isPartOf\":{\"@id\":\"https:\/\/www.violacaipira.com.br\/music\/#website\"},\"datePublished\":\"2024-02-19T21:00:26+00:00\",\"dateModified\":\"2024-02-19T21:00:26+00:00\",\"description\":\"Um dos maiores patrim\u00f4nios culturais do Brasil far\u00e1 a abertura da 32\u00aa edi\u00e7\u00e3o do Festival de Curitiba, trazendo o desafio de toadas dos bumb\u00e1s de Parintins, no Amazonas\",\"breadcrumb\":{\"@id\":\"https:\/\/www.violacaipira.com.br\/music\/cultura\/festival-de-curitiba-traz-pela-primeira-vez-ao-sul-do-brasil-caprichoso-e-garantido-o-duelo-de-bois-da-amazonia\/#breadcrumb\"},\"inLanguage\":\"pt-BR\",\"potentialAction\":[{\"@type\":\"ReadAction\",\"target\":[\"https:\/\/www.violacaipira.com.br\/music\/cultura\/festival-de-curitiba-traz-pela-primeira-vez-ao-sul-do-brasil-caprichoso-e-garantido-o-duelo-de-bois-da-amazonia\/\"]}]},{\"@type\":\"BreadcrumbList\",\"@id\":\"https:\/\/www.violacaipira.com.br\/music\/cultura\/festival-de-curitiba-traz-pela-primeira-vez-ao-sul-do-brasil-caprichoso-e-garantido-o-duelo-de-bois-da-amazonia\/#breadcrumb\",\"itemListElement\":[{\"@type\":\"ListItem\",\"position\":1,\"name\":\"In\u00edcio\",\"item\":\"https:\/\/www.violacaipira.com.br\/music\/\"},{\"@type\":\"ListItem\",\"position\":2,\"name\":\"Festival de Curitiba traz, pela primeira vez ao Sul do Brasil, Caprichoso e Garantido, o duelo de bois da Amaz\u00f4nia\"}]},{\"@type\":\"WebSite\",\"@id\":\"https:\/\/www.violacaipira.com.br\/music\/#website\",\"url\":\"https:\/\/www.violacaipira.com.br\/music\/\",\"name\":\"Viola Caipira\",\"description\":\"o Portal da M&uacute;sica Sertaneja Raiz\",\"publisher\":{\"@id\":\"https:\/\/www.violacaipira.com.br\/music\/#organization\"},\"potentialAction\":[{\"@type\":\"SearchAction\",\"target\":{\"@type\":\"EntryPoint\",\"urlTemplate\":\"https:\/\/www.violacaipira.com.br\/music\/?s={search_term_string}\"},\"query-input\":\"required name=search_term_string\"}],\"inLanguage\":\"pt-BR\"},{\"@type\":\"Organization\",\"@id\":\"https:\/\/www.violacaipira.com.br\/music\/#organization\",\"name\":\"Viola Caipira\",\"url\":\"https:\/\/www.violacaipira.com.br\/music\/\",\"logo\":{\"@type\":\"ImageObject\",\"inLanguage\":\"pt-BR\",\"@id\":\"https:\/\/www.violacaipira.com.br\/music\/#\/schema\/logo\/image\/\",\"url\":\"https:\/\/www.violacaipira.com.br\/music\/wp-content\/uploads\/2020\/05\/logo_site_pequeno.png\",\"contentUrl\":\"https:\/\/www.violacaipira.com.br\/music\/wp-content\/uploads\/2020\/05\/logo_site_pequeno.png\",\"width\":200,\"height\":50,\"caption\":\"Viola Caipira\"},\"image\":{\"@id\":\"https:\/\/www.violacaipira.com.br\/music\/#\/schema\/logo\/image\/\"},\"sameAs\":[\"https:\/\/www.facebook.com\/yassir.chediak\",\"https:\/\/twitter.com\/YassirChediak\",\"https:\/\/www.instagram.com\/yassirchediak\/\",\"https:\/\/www.linkedin.com\/in\/yassir-chediak\/\",\"https:\/\/br.pinterest.com\/yassrg\/\",\"https:\/\/www.youtube.com\/user\/yassirchediak\"]},{\"@type\":\"Person\",\"@id\":\"https:\/\/www.violacaipira.com.br\/music\/#\/schema\/person\/720a153ae2058a90d99748c1c1743524\",\"name\":\"Gerson\"}]}<\/script>\n<!-- \/ Yoast SEO plugin. -->","yoast_head_json":{"title":"Festival de Curitiba traz, pela primeira vez ao Sul do Brasil, Caprichoso e Garantido, o duelo de bois da Amaz\u00f4nia - Viola Caipira","description":"Um dos maiores patrim\u00f4nios culturais do Brasil far\u00e1 a abertura da 32\u00aa edi\u00e7\u00e3o do Festival de Curitiba, trazendo o desafio de toadas dos bumb\u00e1s de Parintins, no Amazonas","robots":{"index":"index","follow":"follow","max-snippet":"max-snippet:-1","max-image-preview":"max-image-preview:large","max-video-preview":"max-video-preview:-1"},"canonical":"https:\/\/www.violacaipira.com.br\/music\/cultura\/festival-de-curitiba-traz-pela-primeira-vez-ao-sul-do-brasil-caprichoso-e-garantido-o-duelo-de-bois-da-amazonia\/","og_locale":"pt_BR","og_type":"article","og_title":"Festival de Curitiba traz, pela primeira vez ao Sul do Brasil, Caprichoso e Garantido, o duelo de bois da Amaz\u00f4nia - Viola Caipira","og_description":"Um dos maiores patrim\u00f4nios culturais do Brasil far\u00e1 a abertura da 32\u00aa edi\u00e7\u00e3o do Festival de Curitiba, trazendo o desafio de toadas dos bumb\u00e1s de Parintins, no Amazonas","og_url":"https:\/\/www.violacaipira.com.br\/music\/cultura\/festival-de-curitiba-traz-pela-primeira-vez-ao-sul-do-brasil-caprichoso-e-garantido-o-duelo-de-bois-da-amazonia\/","og_site_name":"Viola Caipira","article_publisher":"https:\/\/www.facebook.com\/yassir.chediak","article_published_time":"2024-02-19T21:00:26+00:00","og_image":[{"width":2480,"height":1655,"url":"https:\/\/www.violacaipira.com.br\/music\/wp-content\/uploads\/2024\/02\/bois.jpg","type":"image\/jpeg"}],"author":"Gerson","twitter_card":"summary_large_image","twitter_creator":"@YassirChediak","twitter_site":"@YassirChediak","twitter_misc":{"Escrito por":"Gerson","Est. tempo de leitura":"3 minutos"},"schema":{"@context":"https:\/\/schema.org","@graph":[{"@type":"Article","@id":"https:\/\/www.violacaipira.com.br\/music\/cultura\/festival-de-curitiba-traz-pela-primeira-vez-ao-sul-do-brasil-caprichoso-e-garantido-o-duelo-de-bois-da-amazonia\/#article","isPartOf":{"@id":"https:\/\/www.violacaipira.com.br\/music\/cultura\/festival-de-curitiba-traz-pela-primeira-vez-ao-sul-do-brasil-caprichoso-e-garantido-o-duelo-de-bois-da-amazonia\/"},"author":{"name":"Gerson","@id":"https:\/\/www.violacaipira.com.br\/music\/#\/schema\/person\/720a153ae2058a90d99748c1c1743524"},"headline":"Festival de Curitiba traz, pela primeira vez ao Sul do Brasil, Caprichoso e Garantido, o duelo de bois da Amaz\u00f4nia","datePublished":"2024-02-19T21:00:26+00:00","dateModified":"2024-02-19T21:00:26+00:00","mainEntityOfPage":{"@id":"https:\/\/www.violacaipira.com.br\/music\/cultura\/festival-de-curitiba-traz-pela-primeira-vez-ao-sul-do-brasil-caprichoso-e-garantido-o-duelo-de-bois-da-amazonia\/"},"wordCount":670,"publisher":{"@id":"https:\/\/www.violacaipira.com.br\/music\/#organization"},"keywords":["boi bumb\u00e1","bumba meu boi","caprichoso","festival de curitiva","folclore","garantido","parintins"],"articleSection":["Cultura"],"inLanguage":"pt-BR"},{"@type":"WebPage","@id":"https:\/\/www.violacaipira.com.br\/music\/cultura\/festival-de-curitiba-traz-pela-primeira-vez-ao-sul-do-brasil-caprichoso-e-garantido-o-duelo-de-bois-da-amazonia\/","url":"https:\/\/www.violacaipira.com.br\/music\/cultura\/festival-de-curitiba-traz-pela-primeira-vez-ao-sul-do-brasil-caprichoso-e-garantido-o-duelo-de-bois-da-amazonia\/","name":"Festival de Curitiba traz, pela primeira vez ao Sul do Brasil, Caprichoso e Garantido, o duelo de bois da Amaz\u00f4nia - Viola Caipira","isPartOf":{"@id":"https:\/\/www.violacaipira.com.br\/music\/#website"},"datePublished":"2024-02-19T21:00:26+00:00","dateModified":"2024-02-19T21:00:26+00:00","description":"Um dos maiores patrim\u00f4nios culturais do Brasil far\u00e1 a abertura da 32\u00aa edi\u00e7\u00e3o do Festival de Curitiba, trazendo o desafio de toadas dos bumb\u00e1s de Parintins, no Amazonas","breadcrumb":{"@id":"https:\/\/www.violacaipira.com.br\/music\/cultura\/festival-de-curitiba-traz-pela-primeira-vez-ao-sul-do-brasil-caprichoso-e-garantido-o-duelo-de-bois-da-amazonia\/#breadcrumb"},"inLanguage":"pt-BR","potentialAction":[{"@type":"ReadAction","target":["https:\/\/www.violacaipira.com.br\/music\/cultura\/festival-de-curitiba-traz-pela-primeira-vez-ao-sul-do-brasil-caprichoso-e-garantido-o-duelo-de-bois-da-amazonia\/"]}]},{"@type":"BreadcrumbList","@id":"https:\/\/www.violacaipira.com.br\/music\/cultura\/festival-de-curitiba-traz-pela-primeira-vez-ao-sul-do-brasil-caprichoso-e-garantido-o-duelo-de-bois-da-amazonia\/#breadcrumb","itemListElement":[{"@type":"ListItem","position":1,"name":"In\u00edcio","item":"https:\/\/www.violacaipira.com.br\/music\/"},{"@type":"ListItem","position":2,"name":"Festival de Curitiba traz, pela primeira vez ao Sul do Brasil, Caprichoso e Garantido, o duelo de bois da Amaz\u00f4nia"}]},{"@type":"WebSite","@id":"https:\/\/www.violacaipira.com.br\/music\/#website","url":"https:\/\/www.violacaipira.com.br\/music\/","name":"Viola Caipira","description":"o Portal da M&uacute;sica Sertaneja Raiz","publisher":{"@id":"https:\/\/www.violacaipira.com.br\/music\/#organization"},"potentialAction":[{"@type":"SearchAction","target":{"@type":"EntryPoint","urlTemplate":"https:\/\/www.violacaipira.com.br\/music\/?s={search_term_string}"},"query-input":"required name=search_term_string"}],"inLanguage":"pt-BR"},{"@type":"Organization","@id":"https:\/\/www.violacaipira.com.br\/music\/#organization","name":"Viola Caipira","url":"https:\/\/www.violacaipira.com.br\/music\/","logo":{"@type":"ImageObject","inLanguage":"pt-BR","@id":"https:\/\/www.violacaipira.com.br\/music\/#\/schema\/logo\/image\/","url":"https:\/\/www.violacaipira.com.br\/music\/wp-content\/uploads\/2020\/05\/logo_site_pequeno.png","contentUrl":"https:\/\/www.violacaipira.com.br\/music\/wp-content\/uploads\/2020\/05\/logo_site_pequeno.png","width":200,"height":50,"caption":"Viola Caipira"},"image":{"@id":"https:\/\/www.violacaipira.com.br\/music\/#\/schema\/logo\/image\/"},"sameAs":["https:\/\/www.facebook.com\/yassir.chediak","https:\/\/twitter.com\/YassirChediak","https:\/\/www.instagram.com\/yassirchediak\/","https:\/\/www.linkedin.com\/in\/yassir-chediak\/","https:\/\/br.pinterest.com\/yassrg\/","https:\/\/www.youtube.com\/user\/yassirchediak"]},{"@type":"Person","@id":"https:\/\/www.violacaipira.com.br\/music\/#\/schema\/person\/720a153ae2058a90d99748c1c1743524","name":"Gerson"}]}},"_links":{"self":[{"href":"https:\/\/www.violacaipira.com.br\/music\/wp-json\/wp\/v2\/posts\/11181"}],"collection":[{"href":"https:\/\/www.violacaipira.com.br\/music\/wp-json\/wp\/v2\/posts"}],"about":[{"href":"https:\/\/www.violacaipira.com.br\/music\/wp-json\/wp\/v2\/types\/post"}],"author":[{"embeddable":true,"href":"https:\/\/www.violacaipira.com.br\/music\/wp-json\/wp\/v2\/users\/7"}],"replies":[{"embeddable":true,"href":"https:\/\/www.violacaipira.com.br\/music\/wp-json\/wp\/v2\/comments?post=11181"}],"version-history":[{"count":1,"href":"https:\/\/www.violacaipira.com.br\/music\/wp-json\/wp\/v2\/posts\/11181\/revisions"}],"predecessor-version":[{"id":11183,"href":"https:\/\/www.violacaipira.com.br\/music\/wp-json\/wp\/v2\/posts\/11181\/revisions\/11183"}],"wp:featuredmedia":[{"embeddable":true,"href":"https:\/\/www.violacaipira.com.br\/music\/wp-json\/wp\/v2\/media\/11182"}],"wp:attachment":[{"href":"https:\/\/www.violacaipira.com.br\/music\/wp-json\/wp\/v2\/media?parent=11181"}],"wp:term":[{"taxonomy":"category","embeddable":true,"href":"https:\/\/www.violacaipira.com.br\/music\/wp-json\/wp\/v2\/categories?post=11181"},{"taxonomy":"post_tag","embeddable":true,"href":"https:\/\/www.violacaipira.com.br\/music\/wp-json\/wp\/v2\/tags?post=11181"}],"curies":[{"name":"wp","href":"https:\/\/api.w.org\/{rel}","templated":true}]}}