{"id":11156,"date":"2023-12-22T11:56:39","date_gmt":"2023-12-22T14:56:39","guid":{"rendered":"https:\/\/www.violacaipira.com.br\/music\/?p=11156"},"modified":"2023-12-22T11:56:39","modified_gmt":"2023-12-22T14:56:39","slug":"exposicao-na-cidade-de-atibaia-reverencia-as-congadas","status":"publish","type":"post","link":"https:\/\/www.violacaipira.com.br\/music\/cultura\/exposicao-na-cidade-de-atibaia-reverencia-as-congadas\/","title":{"rendered":"Exposi\u00e7\u00e3o na Cidade de Atibaia reverencia as Congadas"},"content":{"rendered":"<p>Est\u00e1 em cartaz, no Museu Municipal Jo\u00e3o Batista Conti, a exposi\u00e7\u00e3o \u201cReverenciando as Congadas de Atibaia\u201d, que re\u00fane objetos, fotografias e pequenos recortes textuais de pesquisas sobre o tema para contar a hist\u00f3ria e apresentar a riqueza dessa manifesta\u00e7\u00e3o cultural e religiosa.<\/p>\n<p>Essa tradi\u00e7\u00e3o, que se faz presente em Atibaia at\u00e9 a atualidade, tem quase 270 anos de hist\u00f3ria \u2013 levando-se em considera\u00e7\u00e3o o que \u00e9 confirmado pelos registros, e um pouco mais nas vozes da tradi\u00e7\u00e3o oral. Fragilidades, mudan\u00e7as de tempo e de costumes provocaram transforma\u00e7\u00f5es nas fardas, capit\u00e3es, percursos e at\u00e9 mesmo no olhar, mas a f\u00e9 permanece representando e significando, ainda hoje, a import\u00e2ncia da tradi\u00e7\u00e3o, mantendo vivos os Congados.<\/p>\n<p>Utilizando trechos dos livros das pesquisadoras Elsie Monteiro da Costa e Lilian Vogel, a exposi\u00e7\u00e3o explora essa hist\u00f3ria e essa ancestralidade que, entrela\u00e7adas \u00e0 hist\u00f3ria da cidade, reafirmam uma identidade baseada no reconhecimento de jeitos e fazeres pr\u00f3prios daqui.<\/p>\n<p>A pesquisadora Elsie da Costa ressalta a import\u00e2ncia social das Congadas: \u201cO universo das pessoas que vivem as congadas \u00e9 tudo que as circunda, o que diz respeito \u00e0 vida social, a\u00e7\u00f5es cotidianas, ritos de passagem, horas de trabalho e lazer, e se manifestam expressivamente atrav\u00e9s da m\u00fasica, da poesia, dos versos e da fala atrav\u00e9s do corpo, ou seja, dos cortejos, das dan\u00e7as, das atitudes devocionais. A palavra \u2018congadeiro\u2019 traduz melhor a ideia de pessoa, ser humano, indiv\u00edduo vivo, frequentador de cong\u00e1s (altares), terreiros, capelas e igrejas, fazedor do Congado ou de Congada\u201d.<\/p>\n<p>Atibaia conserva quatro grupos de congada \u2013 Azul, Verde, Rosa e Vermelha, cada um com sua hist\u00f3ria e particularidade, mas todos contribuindo para preservar can\u00e7\u00f5es e ora\u00e7\u00f5es ancestrais, muitas ainda em latim, e um calend\u00e1rio de festas que inclui o anivers\u00e1rio da cidade, tamb\u00e9m dia do padroeiro S\u00e3o Jo\u00e3o Batista (24 de junho), e o Ciclo Natalino.<\/p>\n<p>Localizado na Pra\u00e7a Bento Paes, s\/n, Centro, o Museu Municipal Jo\u00e3o Batista Conti abre de ter\u00e7a a s\u00e1bado, das 11h \u00e0s 17h, e aos domingos funciona das 9h \u00e0s 13h. Nos feriados, o museu permanecer\u00e1 fechado.<\/p>\n","protected":false},"excerpt":{"rendered":"<p>Est\u00e1 em cartaz, no Museu Municipal Jo\u00e3o Batista Conti, a exposi\u00e7\u00e3o \u201cReverenciando as Congadas de Atibaia\u201d, que re\u00fane objetos, fotografias e pequenos recortes textuais de pesquisas sobre o tema para contar a hist\u00f3ria e apresentar a riqueza dessa manifesta\u00e7\u00e3o cultural e religiosa. Essa tradi\u00e7\u00e3o, que se faz presente em Atibaia at\u00e9 a atualidade, tem quase [&hellip;]<\/p>\n","protected":false},"author":7,"featured_media":11157,"comment_status":"closed","ping_status":"open","sticky":false,"template":"","format":"standard","meta":{"footnotes":""},"categories":[6],"tags":[792,31,791,357,468,805,804,101],"yoast_head":"<!-- This site is optimized with the Yoast SEO plugin v22.0 - https:\/\/yoast.com\/wordpress\/plugins\/seo\/ -->\n<title>Exposi\u00e7\u00e3o na Cidade de Atibaia reverencia as Congadas - Viola Caipira<\/title>\n<meta name=\"description\" content=\"Viola Caipira \u00e9 um portal mantido pelo Violeiro Yassir Chediak, destinado aos amantes da m\u00fasica sertaneja de raiz e da cultura brasileira.\" \/>\n<meta name=\"robots\" content=\"index, follow, max-snippet:-1, max-image-preview:large, max-video-preview:-1\" \/>\n<link rel=\"canonical\" href=\"https:\/\/www.violacaipira.com.br\/music\/cultura\/exposicao-na-cidade-de-atibaia-reverencia-as-congadas\/\" \/>\n<meta property=\"og:locale\" content=\"pt_BR\" \/>\n<meta property=\"og:type\" content=\"article\" \/>\n<meta property=\"og:title\" content=\"Exposi\u00e7\u00e3o na Cidade de Atibaia reverencia as Congadas - Viola Caipira\" \/>\n<meta property=\"og:description\" content=\"Viola Caipira \u00e9 um portal mantido pelo Violeiro Yassir Chediak, destinado aos amantes da m\u00fasica sertaneja de raiz e da cultura brasileira.\" \/>\n<meta property=\"og:url\" content=\"https:\/\/www.violacaipira.com.br\/music\/cultura\/exposicao-na-cidade-de-atibaia-reverencia-as-congadas\/\" \/>\n<meta property=\"og:site_name\" content=\"Viola Caipira\" \/>\n<meta property=\"article:publisher\" content=\"https:\/\/www.facebook.com\/yassir.chediak\" \/>\n<meta property=\"article:published_time\" content=\"2023-12-22T14:56:39+00:00\" \/>\n<meta property=\"og:image\" content=\"https:\/\/www.violacaipira.com.br\/music\/wp-content\/uploads\/2023\/12\/congadas-em-atibaia.jpg\" \/>\n\t<meta property=\"og:image:width\" content=\"1280\" \/>\n\t<meta property=\"og:image:height\" content=\"853\" \/>\n\t<meta property=\"og:image:type\" content=\"image\/jpeg\" \/>\n<meta name=\"author\" content=\"Gerson\" \/>\n<meta name=\"twitter:card\" content=\"summary_large_image\" \/>\n<meta name=\"twitter:creator\" content=\"@YassirChediak\" \/>\n<meta name=\"twitter:site\" content=\"@YassirChediak\" \/>\n<meta name=\"twitter:label1\" content=\"Escrito por\" \/>\n\t<meta name=\"twitter:data1\" content=\"Gerson\" \/>\n\t<meta name=\"twitter:label2\" content=\"Est. tempo de leitura\" \/>\n\t<meta name=\"twitter:data2\" content=\"2 minutos\" \/>\n<script type=\"application\/ld+json\" class=\"yoast-schema-graph\">{\"@context\":\"https:\/\/schema.org\",\"@graph\":[{\"@type\":\"Article\",\"@id\":\"https:\/\/www.violacaipira.com.br\/music\/cultura\/exposicao-na-cidade-de-atibaia-reverencia-as-congadas\/#article\",\"isPartOf\":{\"@id\":\"https:\/\/www.violacaipira.com.br\/music\/cultura\/exposicao-na-cidade-de-atibaia-reverencia-as-congadas\/\"},\"author\":{\"name\":\"Gerson\",\"@id\":\"https:\/\/www.violacaipira.com.br\/music\/#\/schema\/person\/720a153ae2058a90d99748c1c1743524\"},\"headline\":\"Exposi\u00e7\u00e3o na Cidade de Atibaia reverencia as Congadas\",\"datePublished\":\"2023-12-22T14:56:39+00:00\",\"dateModified\":\"2023-12-22T14:56:39+00:00\",\"mainEntityOfPage\":{\"@id\":\"https:\/\/www.violacaipira.com.br\/music\/cultura\/exposicao-na-cidade-de-atibaia-reverencia-as-congadas\/\"},\"wordCount\":380,\"publisher\":{\"@id\":\"https:\/\/www.violacaipira.com.br\/music\/#organization\"},\"keywords\":[\"Atibaia\",\"caipira\",\"Congada\",\"Cultura Caipira\",\"cultura popular\",\"Natal\",\"Reis Magos\",\"Viola Caipira\"],\"articleSection\":[\"Cultura\"],\"inLanguage\":\"pt-BR\"},{\"@type\":\"WebPage\",\"@id\":\"https:\/\/www.violacaipira.com.br\/music\/cultura\/exposicao-na-cidade-de-atibaia-reverencia-as-congadas\/\",\"url\":\"https:\/\/www.violacaipira.com.br\/music\/cultura\/exposicao-na-cidade-de-atibaia-reverencia-as-congadas\/\",\"name\":\"Exposi\u00e7\u00e3o na Cidade de Atibaia reverencia as Congadas - Viola Caipira\",\"isPartOf\":{\"@id\":\"https:\/\/www.violacaipira.com.br\/music\/#website\"},\"datePublished\":\"2023-12-22T14:56:39+00:00\",\"dateModified\":\"2023-12-22T14:56:39+00:00\",\"description\":\"Viola Caipira \u00e9 um portal mantido pelo Violeiro Yassir Chediak, destinado aos amantes da m\u00fasica sertaneja de raiz e da cultura brasileira.\",\"breadcrumb\":{\"@id\":\"https:\/\/www.violacaipira.com.br\/music\/cultura\/exposicao-na-cidade-de-atibaia-reverencia-as-congadas\/#breadcrumb\"},\"inLanguage\":\"pt-BR\",\"potentialAction\":[{\"@type\":\"ReadAction\",\"target\":[\"https:\/\/www.violacaipira.com.br\/music\/cultura\/exposicao-na-cidade-de-atibaia-reverencia-as-congadas\/\"]}]},{\"@type\":\"BreadcrumbList\",\"@id\":\"https:\/\/www.violacaipira.com.br\/music\/cultura\/exposicao-na-cidade-de-atibaia-reverencia-as-congadas\/#breadcrumb\",\"itemListElement\":[{\"@type\":\"ListItem\",\"position\":1,\"name\":\"In\u00edcio\",\"item\":\"https:\/\/www.violacaipira.com.br\/music\/\"},{\"@type\":\"ListItem\",\"position\":2,\"name\":\"Exposi\u00e7\u00e3o na Cidade de Atibaia reverencia as Congadas\"}]},{\"@type\":\"WebSite\",\"@id\":\"https:\/\/www.violacaipira.com.br\/music\/#website\",\"url\":\"https:\/\/www.violacaipira.com.br\/music\/\",\"name\":\"Viola Caipira\",\"description\":\"o Portal da M&uacute;sica Sertaneja Raiz\",\"publisher\":{\"@id\":\"https:\/\/www.violacaipira.com.br\/music\/#organization\"},\"potentialAction\":[{\"@type\":\"SearchAction\",\"target\":{\"@type\":\"EntryPoint\",\"urlTemplate\":\"https:\/\/www.violacaipira.com.br\/music\/?s={search_term_string}\"},\"query-input\":\"required name=search_term_string\"}],\"inLanguage\":\"pt-BR\"},{\"@type\":\"Organization\",\"@id\":\"https:\/\/www.violacaipira.com.br\/music\/#organization\",\"name\":\"Viola Caipira\",\"url\":\"https:\/\/www.violacaipira.com.br\/music\/\",\"logo\":{\"@type\":\"ImageObject\",\"inLanguage\":\"pt-BR\",\"@id\":\"https:\/\/www.violacaipira.com.br\/music\/#\/schema\/logo\/image\/\",\"url\":\"https:\/\/www.violacaipira.com.br\/music\/wp-content\/uploads\/2020\/05\/logo_site_pequeno.png\",\"contentUrl\":\"https:\/\/www.violacaipira.com.br\/music\/wp-content\/uploads\/2020\/05\/logo_site_pequeno.png\",\"width\":200,\"height\":50,\"caption\":\"Viola Caipira\"},\"image\":{\"@id\":\"https:\/\/www.violacaipira.com.br\/music\/#\/schema\/logo\/image\/\"},\"sameAs\":[\"https:\/\/www.facebook.com\/yassir.chediak\",\"https:\/\/twitter.com\/YassirChediak\",\"https:\/\/www.instagram.com\/yassirchediak\/\",\"https:\/\/www.linkedin.com\/in\/yassir-chediak\/\",\"https:\/\/br.pinterest.com\/yassrg\/\",\"https:\/\/www.youtube.com\/user\/yassirchediak\"]},{\"@type\":\"Person\",\"@id\":\"https:\/\/www.violacaipira.com.br\/music\/#\/schema\/person\/720a153ae2058a90d99748c1c1743524\",\"name\":\"Gerson\"}]}<\/script>\n<!-- \/ Yoast SEO plugin. -->","yoast_head_json":{"title":"Exposi\u00e7\u00e3o na Cidade de Atibaia reverencia as Congadas - Viola Caipira","description":"Viola Caipira \u00e9 um portal mantido pelo Violeiro Yassir Chediak, destinado aos amantes da m\u00fasica sertaneja de raiz e da cultura brasileira.","robots":{"index":"index","follow":"follow","max-snippet":"max-snippet:-1","max-image-preview":"max-image-preview:large","max-video-preview":"max-video-preview:-1"},"canonical":"https:\/\/www.violacaipira.com.br\/music\/cultura\/exposicao-na-cidade-de-atibaia-reverencia-as-congadas\/","og_locale":"pt_BR","og_type":"article","og_title":"Exposi\u00e7\u00e3o na Cidade de Atibaia reverencia as Congadas - Viola Caipira","og_description":"Viola Caipira \u00e9 um portal mantido pelo Violeiro Yassir Chediak, destinado aos amantes da m\u00fasica sertaneja de raiz e da cultura brasileira.","og_url":"https:\/\/www.violacaipira.com.br\/music\/cultura\/exposicao-na-cidade-de-atibaia-reverencia-as-congadas\/","og_site_name":"Viola Caipira","article_publisher":"https:\/\/www.facebook.com\/yassir.chediak","article_published_time":"2023-12-22T14:56:39+00:00","og_image":[{"width":1280,"height":853,"url":"https:\/\/www.violacaipira.com.br\/music\/wp-content\/uploads\/2023\/12\/congadas-em-atibaia.jpg","type":"image\/jpeg"}],"author":"Gerson","twitter_card":"summary_large_image","twitter_creator":"@YassirChediak","twitter_site":"@YassirChediak","twitter_misc":{"Escrito por":"Gerson","Est. tempo de leitura":"2 minutos"},"schema":{"@context":"https:\/\/schema.org","@graph":[{"@type":"Article","@id":"https:\/\/www.violacaipira.com.br\/music\/cultura\/exposicao-na-cidade-de-atibaia-reverencia-as-congadas\/#article","isPartOf":{"@id":"https:\/\/www.violacaipira.com.br\/music\/cultura\/exposicao-na-cidade-de-atibaia-reverencia-as-congadas\/"},"author":{"name":"Gerson","@id":"https:\/\/www.violacaipira.com.br\/music\/#\/schema\/person\/720a153ae2058a90d99748c1c1743524"},"headline":"Exposi\u00e7\u00e3o na Cidade de Atibaia reverencia as Congadas","datePublished":"2023-12-22T14:56:39+00:00","dateModified":"2023-12-22T14:56:39+00:00","mainEntityOfPage":{"@id":"https:\/\/www.violacaipira.com.br\/music\/cultura\/exposicao-na-cidade-de-atibaia-reverencia-as-congadas\/"},"wordCount":380,"publisher":{"@id":"https:\/\/www.violacaipira.com.br\/music\/#organization"},"keywords":["Atibaia","caipira","Congada","Cultura Caipira","cultura popular","Natal","Reis Magos","Viola Caipira"],"articleSection":["Cultura"],"inLanguage":"pt-BR"},{"@type":"WebPage","@id":"https:\/\/www.violacaipira.com.br\/music\/cultura\/exposicao-na-cidade-de-atibaia-reverencia-as-congadas\/","url":"https:\/\/www.violacaipira.com.br\/music\/cultura\/exposicao-na-cidade-de-atibaia-reverencia-as-congadas\/","name":"Exposi\u00e7\u00e3o na Cidade de Atibaia reverencia as Congadas - Viola Caipira","isPartOf":{"@id":"https:\/\/www.violacaipira.com.br\/music\/#website"},"datePublished":"2023-12-22T14:56:39+00:00","dateModified":"2023-12-22T14:56:39+00:00","description":"Viola Caipira \u00e9 um portal mantido pelo Violeiro Yassir Chediak, destinado aos amantes da m\u00fasica sertaneja de raiz e da cultura brasileira.","breadcrumb":{"@id":"https:\/\/www.violacaipira.com.br\/music\/cultura\/exposicao-na-cidade-de-atibaia-reverencia-as-congadas\/#breadcrumb"},"inLanguage":"pt-BR","potentialAction":[{"@type":"ReadAction","target":["https:\/\/www.violacaipira.com.br\/music\/cultura\/exposicao-na-cidade-de-atibaia-reverencia-as-congadas\/"]}]},{"@type":"BreadcrumbList","@id":"https:\/\/www.violacaipira.com.br\/music\/cultura\/exposicao-na-cidade-de-atibaia-reverencia-as-congadas\/#breadcrumb","itemListElement":[{"@type":"ListItem","position":1,"name":"In\u00edcio","item":"https:\/\/www.violacaipira.com.br\/music\/"},{"@type":"ListItem","position":2,"name":"Exposi\u00e7\u00e3o na Cidade de Atibaia reverencia as Congadas"}]},{"@type":"WebSite","@id":"https:\/\/www.violacaipira.com.br\/music\/#website","url":"https:\/\/www.violacaipira.com.br\/music\/","name":"Viola Caipira","description":"o Portal da M&uacute;sica Sertaneja Raiz","publisher":{"@id":"https:\/\/www.violacaipira.com.br\/music\/#organization"},"potentialAction":[{"@type":"SearchAction","target":{"@type":"EntryPoint","urlTemplate":"https:\/\/www.violacaipira.com.br\/music\/?s={search_term_string}"},"query-input":"required name=search_term_string"}],"inLanguage":"pt-BR"},{"@type":"Organization","@id":"https:\/\/www.violacaipira.com.br\/music\/#organization","name":"Viola Caipira","url":"https:\/\/www.violacaipira.com.br\/music\/","logo":{"@type":"ImageObject","inLanguage":"pt-BR","@id":"https:\/\/www.violacaipira.com.br\/music\/#\/schema\/logo\/image\/","url":"https:\/\/www.violacaipira.com.br\/music\/wp-content\/uploads\/2020\/05\/logo_site_pequeno.png","contentUrl":"https:\/\/www.violacaipira.com.br\/music\/wp-content\/uploads\/2020\/05\/logo_site_pequeno.png","width":200,"height":50,"caption":"Viola Caipira"},"image":{"@id":"https:\/\/www.violacaipira.com.br\/music\/#\/schema\/logo\/image\/"},"sameAs":["https:\/\/www.facebook.com\/yassir.chediak","https:\/\/twitter.com\/YassirChediak","https:\/\/www.instagram.com\/yassirchediak\/","https:\/\/www.linkedin.com\/in\/yassir-chediak\/","https:\/\/br.pinterest.com\/yassrg\/","https:\/\/www.youtube.com\/user\/yassirchediak"]},{"@type":"Person","@id":"https:\/\/www.violacaipira.com.br\/music\/#\/schema\/person\/720a153ae2058a90d99748c1c1743524","name":"Gerson"}]}},"_links":{"self":[{"href":"https:\/\/www.violacaipira.com.br\/music\/wp-json\/wp\/v2\/posts\/11156"}],"collection":[{"href":"https:\/\/www.violacaipira.com.br\/music\/wp-json\/wp\/v2\/posts"}],"about":[{"href":"https:\/\/www.violacaipira.com.br\/music\/wp-json\/wp\/v2\/types\/post"}],"author":[{"embeddable":true,"href":"https:\/\/www.violacaipira.com.br\/music\/wp-json\/wp\/v2\/users\/7"}],"replies":[{"embeddable":true,"href":"https:\/\/www.violacaipira.com.br\/music\/wp-json\/wp\/v2\/comments?post=11156"}],"version-history":[{"count":1,"href":"https:\/\/www.violacaipira.com.br\/music\/wp-json\/wp\/v2\/posts\/11156\/revisions"}],"predecessor-version":[{"id":11158,"href":"https:\/\/www.violacaipira.com.br\/music\/wp-json\/wp\/v2\/posts\/11156\/revisions\/11158"}],"wp:featuredmedia":[{"embeddable":true,"href":"https:\/\/www.violacaipira.com.br\/music\/wp-json\/wp\/v2\/media\/11157"}],"wp:attachment":[{"href":"https:\/\/www.violacaipira.com.br\/music\/wp-json\/wp\/v2\/media?parent=11156"}],"wp:term":[{"taxonomy":"category","embeddable":true,"href":"https:\/\/www.violacaipira.com.br\/music\/wp-json\/wp\/v2\/categories?post=11156"},{"taxonomy":"post_tag","embeddable":true,"href":"https:\/\/www.violacaipira.com.br\/music\/wp-json\/wp\/v2\/tags?post=11156"}],"curies":[{"name":"wp","href":"https:\/\/api.w.org\/{rel}","templated":true}]}}